{"id":859,"date":"2020-06-12T14:48:41","date_gmt":"2020-06-12T14:48:41","guid":{"rendered":"https:\/\/lavinadejesus.com\/elblogdemami\/?p=859"},"modified":"2020-06-12T14:48:54","modified_gmt":"2020-06-12T14:48:54","slug":"los-ninos-se-infectan-de-covid-igual-que-los-adultos-pero-la-mayoria-son-asintomaticos-o-tienen-sintomas-leves","status":"publish","type":"post","link":"https:\/\/lavinadejesus.com\/elblogdemami\/los-ninos-se-infectan-de-covid-igual-que-los-adultos-pero-la-mayoria-son-asintomaticos-o-tienen-sintomas-leves\/","title":{"rendered":"Los ni\u00f1os se infectan de Covid igual que los adultos, pero la mayor\u00eda son asintom\u00e1ticos o tienen s\u00edntomas leves"},"content":{"rendered":"\n<p>El <a href=\"https:\/\/www.sjdhospitalbarcelona.org\/es\/kidscorona\/ninos-ninas-se-infectan-por-covid-19\">Hospital Sant Joan de D\u00e9u de Barcelona<\/a> ha puesto en marcha el estudio <strong>&#8216;Kids Corona&#8217; <\/strong>con la intenci\u00f3n de descubrir qu\u00e9 protege a los ni\u00f1os de la Covid, ya que en los menores la enfermedad se manifiesta de forma mucho m\u00e1s leve.<\/p>\n\n\n\n<p>En los \u00faltimos dos meses, los investigadores de la plataforma Kids Corona han <strong>estudiado 411 familias con un total de 724 ni\u00f1os y ni\u00f1as<\/strong> de menos de 14 a\u00f1os que han convivido con al menos uno de los progenitores enfermos de Covid-19.<\/p>\n\n\n\n<p>Se han dado a conocer los resultados preliminares de las pruebas serol\u00f3gicas para mirar si los ni\u00f1os ten\u00edan anticuerpos contra el coronavirus, y estos revelan que <strong>un 17,5%<\/strong> de los ni\u00f1os y ni\u00f1as que han convivido con un padre o madre enfermo de COVID-19 <strong>tambi\u00e9n ha contra\u00eddo el virus<\/strong>.<\/p>\n\n\n\n<p>\u00c9ste es un porcentaje muy parecido al observado en los adultos que han convivido con la persona infectada (18,9%), de manera que podemos concluir que <strong>los ni\u00f1os y ni\u00f1as se infectan de forma similar a los adultos que entran en contacto con un caso de COVID-19<\/strong>.<\/p>\n\n\n\n<figure class=\"wp-block-embed-twitter wp-block-embed is-type-rich is-provider-twitter\"><div class=\"wp-block-embed__wrapper\">\n<blockquote class=\"twitter-tweet\" data-width=\"550\" data-dnt=\"true\"><p lang=\"es\" dir=\"ltr\">Presentamos los primeros resultados de la plataforma <a href=\"https:\/\/twitter.com\/hashtag\/KidsCorona?src=hash&amp;ref_src=twsrc%5Etfw\">#KidsCorona<\/a> del <a href=\"https:\/\/twitter.com\/SJDbarcelona_es?ref_src=twsrc%5Etfw\">@sjdbarcelona_es<\/a> que ha hecho seguimiento de 724 ni\u00f1os y ni\u00f1as que han convivido en el hogar con un progenitor positivo de coronavirus <a href=\"https:\/\/t.co\/mtgdU8Ujdc\">https:\/\/t.co\/mtgdU8Ujdc<\/a><\/p>&mdash; Hospital Sant Joan de D\u00e9u Barcelona ES (@SJDbarcelona_es) <a href=\"https:\/\/twitter.com\/SJDbarcelona_es\/status\/1270289338702663681?ref_src=twsrc%5Etfw\">June 9, 2020<\/a><\/blockquote><script async src=\"https:\/\/platform.twitter.com\/widgets.js\" charset=\"utf-8\"><\/script>\n<\/div><\/figure>\n\n\n\n<h2 id=\"asintomaticos-o-con-sintomas-leves\" class=\"wp-block-heading\">Asintom\u00e1ticos o con s\u00edntomas leves<\/h2>\n\n\n\n<p>Sin embargo, de los ni\u00f1os y ni\u00f1as con la COVID-19, <strong>m\u00e1s de la mitad no presentaron s\u00edntomas<\/strong> y el resto presentaron s\u00edntomas muy leves, principalmente fiebre, excepto una ni\u00f1a que requiri\u00f3 ingreso hospitalario.<\/p>\n\n\n\n<p>Por lo tanto, aunque los ni\u00f1os y ni\u00f1as se infectan igual de la COVID-19 que los adultos, <strong>la enfermedad se manifiesta de forma mucho m\u00e1s leve en ni\u00f1os y ni\u00f1as que en adultos<\/strong>.<\/p>\n\n\n\n<figure class=\"wp-block-image is-resized\"><img loading=\"lazy\" decoding=\"async\" src=\"https:\/\/i.blogs.es\/e32f49\/captura-de-pantalla-2020-06-09-a-las-16.20.52\/450_1000.jpeg\" alt=\"Kids-Corona\" width=\"591\" height=\"284\"\/><\/figure>\n\n\n\n<h2 id=\"coronavirus-y-embarazadas\" class=\"wp-block-heading\">Coronavirus y embarazadas<\/h2>\n\n\n\n<p>Los investigadores de esta l\u00ednea, realizada en el marco de BCNatal (consorcio Hospital Sant Joan de D\u00e9u y Hospital Cl\u00ednic) y que cuenta tambi\u00e9n con casos del Hospital de Sant Pau, han podido tambi\u00e9n <strong>analizar 874 casos de mujeres embarazadas<\/strong> hasta el momento.<\/p>\n\n\n\n<figure class=\"wp-block-image is-resized\"><img loading=\"lazy\" decoding=\"async\" src=\"https:\/\/i.blogs.es\/4bc722\/captura-de-pantalla-2020-06-09-a-las-16.23.49\/450_1000.jpeg\" alt=\"embarazadas-covid\" width=\"589\" height=\"282\"\/><\/figure>\n\n\n\n<p>Los resultados preliminares muestran que <strong>el 14% de las gestantes tienen anticuerpos contra el coronavirus, <\/strong>y la mayor\u00eda han desarrollado la infecci\u00f3n de manera asintom\u00e1tica o con s\u00edntomas leves.<\/p>\n\n\n\n<p>Las pocas gestantes que presentan s\u00edntomas m\u00e1s graves son las que contrajeron la infecci\u00f3n <strong>durante el tercer trimestre de embarazo<\/strong> (71 mujeres, 52% asintom\u00e1ticas, 43,5% con s\u00edntomas leves y 4,5% con neumon\u00eda), en comparaci\u00f3n con las mujeres embarazadas con infecci\u00f3n durante el primer trimestre (54 mujeres, 70% asintom\u00e1ticas y 30% con s\u00edntomas leves).<\/p>\n\n\n\n<p>Estos son los resultados obtenidos hasta el momento que nos dan informaci\u00f3n fiable de c\u00f3mo se comporta el virus en ni\u00f1os y embarazadas. Falta a\u00fan conocer los resultados sobre los motivos por los que el coronavirus afecta menos a los m\u00e1s peque\u00f1os.<\/p>\n\n\n\n<p>La investigaci\u00f3n trabaja con <strong>tres teor\u00edas<\/strong> sobre la causa de esta protecci\u00f3n natural: una microbiota m\u00e1s rica, una mejor respuesta inmune o unos receptores m\u00e1s repartidos. No obstante, esta parte de los resultados a\u00fan no est\u00e1n disponibles y se har\u00e1n p\u00fablicos m\u00e1s adelante.<\/p>\n\n\n\n<p>M\u00e1s informaci\u00f3n | <a href=\"https:\/\/www.sjdhospitalbarcelona.org\/es\/kidscorona\/ninos-ninas-se-infectan-por-covid-19\">Hospital Sant Joan de D\u00e9u<\/a><\/p>\n","protected":false},"excerpt":{"rendered":"El Hospital Sant Joan de D\u00e9u de Barcelona ha puesto en marcha el estudio &#8216;Kids Corona&#8217; con la&hellip;\n","protected":false},"author":1,"featured_media":860,"comment_status":"open","ping_status":"open","sticky":false,"template":"","format":"standard","meta":{"om_disable_all_campaigns":false,"_monsterinsights_skip_tracking":false,"_monsterinsights_sitenote_active":false,"_monsterinsights_sitenote_note":"","_monsterinsights_sitenote_category":0,"footnotes":""},"categories":[22],"tags":[305,393,215],"yst_prominent_words":[507,511,506,517,508,503,500,504,512,510,515,516,185,501,514,513,509,502,203,505],"class_list":{"0":"post-859","1":"post","2":"type-post","3":"status-publish","4":"format-standard","5":"has-post-thumbnail","7":"category-salud","8":"tag-coronavirus","9":"tag-covid-19","10":"tag-salud-infantil"},"amp_enabled":true,"_links":{"self":[{"href":"https:\/\/lavinadejesus.com\/elblogdemami\/wp-json\/wp\/v2\/posts\/859","targetHints":{"allow":["GET"]}}],"collection":[{"href":"https:\/\/lavinadejesus.com\/elblogdemami\/wp-json\/wp\/v2\/posts"}],"about":[{"href":"https:\/\/lavinadejesus.com\/elblogdemami\/wp-json\/wp\/v2\/types\/post"}],"author":[{"embeddable":true,"href":"https:\/\/lavinadejesus.com\/elblogdemami\/wp-json\/wp\/v2\/users\/1"}],"replies":[{"embeddable":true,"href":"https:\/\/lavinadejesus.com\/elblogdemami\/wp-json\/wp\/v2\/comments?post=859"}],"version-history":[{"count":1,"href":"https:\/\/lavinadejesus.com\/elblogdemami\/wp-json\/wp\/v2\/posts\/859\/revisions"}],"predecessor-version":[{"id":861,"href":"https:\/\/lavinadejesus.com\/elblogdemami\/wp-json\/wp\/v2\/posts\/859\/revisions\/861"}],"wp:featuredmedia":[{"embeddable":true,"href":"https:\/\/lavinadejesus.com\/elblogdemami\/wp-json\/wp\/v2\/media\/860"}],"wp:attachment":[{"href":"https:\/\/lavinadejesus.com\/elblogdemami\/wp-json\/wp\/v2\/media?parent=859"}],"wp:term":[{"taxonomy":"category","embeddable":true,"href":"https:\/\/lavinadejesus.com\/elblogdemami\/wp-json\/wp\/v2\/categories?post=859"},{"taxonomy":"post_tag","embeddable":true,"href":"https:\/\/lavinadejesus.com\/elblogdemami\/wp-json\/wp\/v2\/tags?post=859"},{"taxonomy":"yst_prominent_words","embeddable":true,"href":"https:\/\/lavinadejesus.com\/elblogdemami\/wp-json\/wp\/v2\/yst_prominent_words?post=859"}],"curies":[{"name":"wp","href":"https:\/\/api.w.org\/{rel}","templated":true}]}}