{"id":847,"date":"2020-04-02T16:48:50","date_gmt":"2020-04-02T16:48:50","guid":{"rendered":"https:\/\/lavinadejesus.com\/elblogdemami\/?p=847"},"modified":"2020-04-02T16:49:08","modified_gmt":"2020-04-02T16:49:08","slug":"autismo-y-coronavirus-que-debemos-saber","status":"publish","type":"post","link":"https:\/\/lavinadejesus.com\/elblogdemami\/autismo-y-coronavirus-que-debemos-saber\/","title":{"rendered":"Autismo y Coronavirus: \u00bfqu\u00e9 debemos saber?"},"content":{"rendered":"\n<p>Hoy, el mundo entero habla sobre el Coronavirus, una pandemia que se ha extendido por todo el planeta. En Bolivia hace un par de d\u00edas el gobierno en su bolet\u00edn oficial del estado declara el Estado de Alarma para la gesti\u00f3n de la situaci\u00f3n de crisis sanitaria ocasionada por el COVID-19.<\/p>\n\n\n\n<p>Sin duda esta es una acci\u00f3n que ayudar\u00e1 en el control y evitar\u00e1 propagar mas contagios. Sin embargo, esto representar\u00e1 un reto muy grande para las familias que tenemos alg\u00fan familiar dentro del espectro autista. El aislamiento apenas comienza y las preocupaciones de amigos cercanos que viven nuestra misma situaci\u00f3n aumenta. \u00bfQu\u00e9 vamos a hacer con nuestros hijo e hijas en las pr\u00f3ximas semanas? Tendremos que ser muy pacientes y a la vez creativos para evitar que nuestros hijos entren en una situaci\u00f3n de extrema ansiedad.<\/p>\n\n\n\n<p>Recordemos que para <strong>las personas dentro del espectro autista la estructura y las rutinas son sus mejores amigos<\/strong>, ellos a trav\u00e9s de una agenda saben que actividades les corresponden seg\u00fan el d\u00eda. Si a nosotros los neurot\u00edpicos, que somos entes sociales nos cuesta imaginar que haremos en los pr\u00f3ximos d\u00edas, imaginen a ellos que no entienden del todo lo que est\u00e1 pasando.<\/p>\n\n\n\n<p>Por eso lo primero es tratar de explicar, puede ser a trav\u00e9s de apoyos visuales, como<strong> pictogramas<\/strong>, qu\u00e9 es lo que est\u00e1 pasando y por qu\u00e9 es necesario quedarnos en casa.<\/p>\n\n\n\n<figure class=\"wp-block-image\"><img decoding=\"async\" src=\"https:\/\/estaticos.serpadres.es\/media\/cache\/1140x_thumb\/uploads\/images\/article\/5e70d2395cafe819ef4ebee2\/autismocoronavirus1.jpg\" alt=\"autismo coronavirus\"\/><\/figure>\n\n\n\n<p>Fuente: ARASAAC.<\/p>\n\n\n\n<p>Recordemos que <strong>las personas en el espectro autista son pensadores visuales<\/strong>, as\u00ed que explicarles qu\u00e9 es lo que pasa ser\u00e1 el primer paso para disminuir la ambig\u00fcedad y su ansiedad por el cambio de rutina.<\/p>\n\n\n\n<p>El siguiente reto radica en <strong>encontrar actividades suficientemente atractivas que los mantengan entretenidos<\/strong> durante pr\u00e1cticamente todo el d\u00eda sin salir de casa. Esto puede ser un verdadero ejercicio de paciencia y creatividad. Por ejemplo, en nuestro caso hemos tratado en la medida de los posible de construir agendas de actividades, como cocinar, pintar, jugar, tiempos libres, etc. Suena una tarea sencilla, pero cuando vemos el n\u00famero de d\u00edas que nos faltan y que nuestros dos hijos con TEA son tan distintos esto representa una tarea tit\u00e1nica.<\/p>\n\n\n\n<p>Muchos de los ni\u00f1os y ni\u00f1as dentro del TEA tambi\u00e9n tienen <strong>hiperactividad<\/strong>, y la mejor manera de combatirla, seg\u00fan nuestra experiencia es el ejercicio f\u00edsico. Podemos ver un cambio notorio cuando nuestros hijos van al parque o a la piscina a diferencia de un d\u00eda que no tienen actividad f\u00edsica, esto se refleja en las horas y calidad del sue\u00f1o. No solamente para ellos sino para toda la familia. Lo hemos visto estos primeros d\u00edas que por no poder salir de casa no pueden dormir bien y se despiertan muy temprano por la madrugada.<\/p>\n\n\n\n<p>Existen en Internet algunas recomendaciones para las familias como nosotros con sugerencias e ideas para afrontar esta situaci\u00f3n, aunque debemos recordar que<strong> cada ni\u00f1o o ni\u00f1a dentro del espectro es totalmente diferente a los dem\u00e1s<\/strong>, por lo que nuestra recomendaci\u00f3n es encontrar qu\u00e9 tipo de actividades le puede servir a cada uno de nuestros hijos e hijas, la paciencia, la creatividad y la flexibilidad ser\u00e1n nuestros mejores aliados para los pr\u00f3ximos d\u00edas.<\/p>\n\n\n\n<figure class=\"wp-block-image\"><img decoding=\"async\" src=\"https:\/\/estaticos.serpadres.es\/media\/cache\/1140x_thumb\/uploads\/images\/article\/5e70d2395cafe819ef4ebee2\/autismocoronavirus2.jpg\" alt=\"autismo y coronavirus\"\/><\/figure>\n\n\n\n<p>Fuente: ARASAAC.<\/p>\n\n\n\n<p>A pesar de que ser\u00e1n d\u00edas muy complicados, creemos que el fin justifica el sacrificio que haremos, no solamente las familias TEA, sino todos los que nos sumamos al movimiento #yomequedoencasa, ya que todos pondremos nuestro granito de arena para controlar esta compleja situaci\u00f3n.<\/p>\n\n\n\n<p>Hoy la comunidad TEA se suma a esta iniciativa, afrontando probablemente un reto a\u00fan mayor que las familias normales.<\/p>\n\n\n\n<p>Otro impacto indirecto que hemos sufrido todas las asociaciones que nos dedicamos a dar visibilidad sobre el TEA es que el <strong>2 de abril es el D\u00eda Mundial de la Concienciaci\u00f3n del Autismo<\/strong>, y la mayor\u00eda de las asociaciones ten\u00edamos eventos, seminarios, caminatas y todo tipo de actividades para dar a conocer el Autismo a toda la sociedad, por supuesto hemos cancelado o postergado estas iniciativas, y no podremos generar la visibilidad que nos hubiese gustado.<\/p>\n\n\n\n<p>Como siempre lo hemos dicho, todo tiene dos caras y podr\u00edamos enfocarnos en la parte negativa que esta situaci\u00f3n nos ha tra\u00eddo, sin embargo, nuestra filosof\u00eda es siempre ver el lado positivo y <strong>vemos esto como una oportunidad de uni\u00f3n y solidaridad entre todos los vecinos, familiares, amigos, naciones etc<\/strong>. Pero sobre todo una gran oportunidad para estar con la gente que m\u00e1s queremos y en nuestro caso aprendiendo cada vez m\u00e1s de ellos.<\/p>\n\n\n\n<p>Cu\u00eddense mucho, l\u00e1vense las manos y sobre todo recuerden esta frase de la Madre Teresa de Calcuta cuando no puedas m\u00e1s con el confinamiento en casa:<br>\u201cA veces sentimos que lo que hacemos es tan solo una gota en el mar, pero el mar ser\u00eda menos si le faltara esa gota\u201d.&nbsp;<\/p>\n\n\n\n<p><br>Ernesto Larre<\/p>\n\n\n\n<p>Presidente <strong><a href=\"https:\/\/autism4good.org\/\" target=\"_blank\" rel=\"noreferrer noopener\">www.autism4good.org<\/a><\/strong><\/p>\n","protected":false},"excerpt":{"rendered":"Hoy, el mundo entero habla sobre el Coronavirus, una pandemia que se ha extendido por todo el planeta.&hellip;\n","protected":false},"author":1,"featured_media":849,"comment_status":"open","ping_status":"open","sticky":false,"template":"","format":"standard","meta":{"om_disable_all_campaigns":false,"_monsterinsights_skip_tracking":false,"_monsterinsights_sitenote_active":false,"_monsterinsights_sitenote_note":"","_monsterinsights_sitenote_category":0,"footnotes":""},"categories":[21],"tags":[465,305,215],"yst_prominent_words":[73,460,462,459,434,457,113,456,451,455,454,461,71,464,463,458,452,278,435,453],"class_list":{"0":"post-847","1":"post","2":"type-post","3":"status-publish","4":"format-standard","5":"has-post-thumbnail","7":"category-familia","8":"tag-autismo","9":"tag-coronavirus","10":"tag-salud-infantil"},"amp_enabled":true,"_links":{"self":[{"href":"https:\/\/lavinadejesus.com\/elblogdemami\/wp-json\/wp\/v2\/posts\/847","targetHints":{"allow":["GET"]}}],"collection":[{"href":"https:\/\/lavinadejesus.com\/elblogdemami\/wp-json\/wp\/v2\/posts"}],"about":[{"href":"https:\/\/lavinadejesus.com\/elblogdemami\/wp-json\/wp\/v2\/types\/post"}],"author":[{"embeddable":true,"href":"https:\/\/lavinadejesus.com\/elblogdemami\/wp-json\/wp\/v2\/users\/1"}],"replies":[{"embeddable":true,"href":"https:\/\/lavinadejesus.com\/elblogdemami\/wp-json\/wp\/v2\/comments?post=847"}],"version-history":[{"count":2,"href":"https:\/\/lavinadejesus.com\/elblogdemami\/wp-json\/wp\/v2\/posts\/847\/revisions"}],"predecessor-version":[{"id":850,"href":"https:\/\/lavinadejesus.com\/elblogdemami\/wp-json\/wp\/v2\/posts\/847\/revisions\/850"}],"wp:featuredmedia":[{"embeddable":true,"href":"https:\/\/lavinadejesus.com\/elblogdemami\/wp-json\/wp\/v2\/media\/849"}],"wp:attachment":[{"href":"https:\/\/lavinadejesus.com\/elblogdemami\/wp-json\/wp\/v2\/media?parent=847"}],"wp:term":[{"taxonomy":"category","embeddable":true,"href":"https:\/\/lavinadejesus.com\/elblogdemami\/wp-json\/wp\/v2\/categories?post=847"},{"taxonomy":"post_tag","embeddable":true,"href":"https:\/\/lavinadejesus.com\/elblogdemami\/wp-json\/wp\/v2\/tags?post=847"},{"taxonomy":"yst_prominent_words","embeddable":true,"href":"https:\/\/lavinadejesus.com\/elblogdemami\/wp-json\/wp\/v2\/yst_prominent_words?post=847"}],"curies":[{"name":"wp","href":"https:\/\/api.w.org\/{rel}","templated":true}]}}