{"id":817,"date":"2020-02-27T13:50:00","date_gmt":"2020-02-27T13:50:00","guid":{"rendered":"https:\/\/lavinadejesus.com\/elblogdemami\/?p=817"},"modified":"2020-02-27T13:50:10","modified_gmt":"2020-02-27T13:50:10","slug":"coronavirus-cual-es-el-riesgo-de-contagio-y-como-afecta-la-enfermedad-a-bebes-y-ninos","status":"publish","type":"post","link":"https:\/\/lavinadejesus.com\/elblogdemami\/coronavirus-cual-es-el-riesgo-de-contagio-y-como-afecta-la-enfermedad-a-bebes-y-ninos\/","title":{"rendered":"Coronavirus: cu\u00e1l es el riesgo de contagio y c\u00f3mo afecta la enfermedad a beb\u00e9s y ni\u00f1os"},"content":{"rendered":"\n<p>China <a href=\"https:\/\/www.worldometers.info\/coronavirus\/\">ha reportado<\/a> a d\u00eda de hoy 2.715 muertes por <strong>coronavirus (Covid-19)<\/strong> y 78.064 personas infectadas en ese pa\u00eds. Pero el virus tambi\u00e9n se ha propagado <a href=\"https:\/\/www.rtve.es\/noticias\/20200225\/mapa-coronavirus-mas-80200-casos-38-paises\/1998143.shtml\">a m\u00e1s de 40 pa\u00edses<\/a> con 2.400&nbsp;contagiados fuera de China; en Italia se ha cobrado la vida de doce personas y otras 19 han muerto en Ir\u00e1n.&nbsp;<\/p>\n\n\n\n<p>Dado  los \u00faltimos casos detectados en Brasil, y como es normal que los padres  se sientan preocupados ante el goteo constante de nuevos casos, hemos  querido <strong>qu\u00e9 se sabe hasta el momento sobre el riesgo de contagio en beb\u00e9s y ni\u00f1os, y c\u00f3mo afecta el coronavirus a los menores<\/strong>.<\/p>\n\n\n\n<p>El Covid-19, tambi\u00e9n llamado \u00abneumon\u00eda de Wuhan\u00bb, causa fiebre, tos y sensaci\u00f3n de falta de aire, con s\u00edntomas similares a los de un resfriado o una gripe. En casos m\u00e1s graves, la infecci\u00f3n puede causar neumon\u00eda o dificultades respiratorias.<\/p>\n\n\n\n<p>Lo que sabemos hasta el momento sobre la enfermedad es que el riesgo de muerte se incrementa con la edad, y que <strong>los ni\u00f1os est\u00e1n a salvo de sus efectos m\u00e1s graves. <\/strong>Hasta ahora las v\u00edctimas mortales han sido personas de edad avanzada que ya padec\u00edan una enfermedad.<\/p>\n\n\n\n<h2 id=\"baja-incidencia-de-coronavirus-en-bebes-y-ninos\" class=\"wp-block-heading\">Baja incidencia de coronavirus en beb\u00e9s y ni\u00f1os<\/h2>\n\n\n\n<p>El director general de la Organizaci\u00f3n Mundial de la Salud (OMS), \nTedros Adhanom Ghebreyesus ha se\u00f1alado que el Covid-19 es menos mortal \nque el SARS y MERS y que <strong>el 80 por ciento de las personas infectadas presentan un cuadro leve y se recuperan favorablemente<\/strong>,\n mientras que el otro 20 por ciento tiene una enfermedad \u00abgrave o \ncr\u00edtica, que va desde la falta de aliento hasta el shock s\u00e9ptico y el \nfallo multiorg\u00e1nico\u00bb.<\/p>\n\n\n\n<p>Por su parte, ha anunciado que la tasa de mortalidad es de entre el \n2% y el 4% en Wuhan, y al alrededor del 0,7% fuera de Wuhan, y que el \nriesgo de muerte \u00abaumenta cuanto m\u00e1s viejo es el paciente y con \ncondiciones de salud subyacentes\u00bb.<\/p>\n\n\n\n<p>En cuanto a la incidencia del coronavirus por grupos de edad, Tedros destaca <strong>que se han registrado \u00abrelativamente pocos casos\u00bb entre los ni\u00f1os, algo que a\u00fan no tiene explicaci\u00f3n. <\/strong>Y hadestacado la importancia de aumentar la investigaci\u00f3n en este sentido para entender los motivos de esta baja incidencia.        Beb\u00e9s y ni\u00f1os tienen bajo riesgo de contagio y no se han registrado muertes en menores de 10 a\u00f1os. <\/p>\n\n\n\n<h2 id=\"casos-de-coronavirus-segun-la-edad\" class=\"wp-block-heading\">Casos de coronavirus seg\u00fan la edad<\/h2>\n\n\n\n<figure class=\"wp-block-image is-resized\"><img loading=\"lazy\" decoding=\"async\" src=\"https:\/\/i.blogs.es\/415d7b\/erkzgvsuwaaqym7\/450_1000.jpeg\" alt=\"coronavirus-edad\" width=\"681\" height=\"289\"\/><\/figure>\n\n\n\n<p>\n \n\n    Incidencia del coronavirus por grupos de edad en m\u00e1s de 44 mil casos\n   \n   \n\n<\/p>\n\n\n\n<h3 id=\"riesgo-de-contagio-en-ninos\" class=\"wp-block-heading\">Riesgo de contagio en ni\u00f1os<\/h3>\n\n\n\n<p>Seg\u00fan datos del 11 de febrero, de un total de 44.672 casos confirmados en China, <strong>s\u00f3lo un 0,9 por ciento de las personas contagiadas eran menores de 10 a\u00f1os<\/strong>.\n La mayor incidencia de contagio se di\u00f3 en el grupo de edad de entre 50 y\n 59 a\u00f1os, seguida del grupo de entre 40 y 49 a\u00f1os y del de 60 a 69 a\u00f1os.<\/p>\n\n\n\n<h3 id=\"mortalidad-en-ninos\" class=\"wp-block-heading\">Mortalidad en ni\u00f1os<\/h3>\n\n\n\n<p>En cuanto a muertes, la mortalidad general del coronavirus en China es del 2,3 por ciento y <strong>el riesgo de muerte se incrementa con la edad.<\/strong><\/p>\n\n\n\n<p><strong>En las personas mayores de 80 a\u00f1os es de 14,8 por ciento; <\/strong>en  las personas de entre 70 y 79 a\u00f1os, del 8 por ciento; en las personas  de 50 a\u00f1os o m\u00e1s, poco m\u00e1s del 1 por ciento; mientras que <strong>no ha habido ning\u00fan fallecido entre los 416 menores de 10 a\u00f1os contagiados<\/strong>.<\/p>\n\n\n\n<h2 id=\"el-coronavirus-en-ninos-menores-de-un-ano\" class=\"wp-block-heading\">El coronavirus en ni\u00f1os menores de un a\u00f1o<\/h2>\n\n\n\n<p>El 14 de febrero se public\u00f3 en <a href=\"https:\/\/jamanetwork.com\/journals\/jama\/fullarticle\/2761659?\">JAMA ( <em>Journal of American Medical Association)<\/em><\/a>un estudio retrospectivo realizado con nueve lactantespara analizar la <strong>incidencia del coronavirus 2019 (COVID-19) en ni\u00f1os menores de un a\u00f1o de vida<\/strong>.<\/p>\n\n\n\n<p>Se identificaron <strong>nueve lactantes de entre 28 d\u00edas a un a\u00f1o<\/strong> hospitalizados diagnosticados con coronavirus entre el 8 de diciembre de 2019 y el 6 de febrero de 2020 en China.<\/p>\n\n\n\n<p>Se identificaron siete ni\u00f1as y dos ni\u00f1os, pero los investigadores \nremarcan que se requieren m\u00e1s estudios para valorar si las lactantes \nmujeres pueden ser m\u00e1s susceptibles a la infecci\u00f3n por COVID-19 que los \nlactantes varones.<\/p>\n\n\n\n<p>El m\u00e1s peque\u00f1o ten\u00eda un mes y el mayor once meses. En cuanto a los \ns\u00edntomas, se inform\u00f3 que cuatro pacientes ten\u00edan fiebre, dos ten\u00edan \ns\u00edntomas leves del tracto respiratorio superior y uno no ten\u00eda s\u00edntomas,\n pero dieron positivo para COVID-19 en un examen realizado debido a la \nexposici\u00f3n a miembros de la familia infectados, y de otros dos no se \ndispon\u00eda de informaci\u00f3n sobre los s\u00edntomas.<\/p>\n\n\n\n<p>Las familias de los nueve lactantes ten\u00edan al menos un familiar infectado, y <strong>la infecci\u00f3n del lactante se produjo despu\u00e9s<\/strong> de la infecci\u00f3n de los miembros de la familia.<\/p>\n\n\n\n<blockquote class=\"wp-block-quote is-layout-flow wp-block-quote-is-layout-flow\"><p>Ninguno de los nueve lactantes requiri\u00f3 cuidados intensivos o ventilaci\u00f3n mec\u00e1nica <strong>ni present\u00f3 complicaciones graves<\/strong>.<\/p><\/blockquote>\n\n\n\n<p>Dada la cantidad de infecciones reportadas, <strong>la cantidad de beb\u00e9s infectados identificados fue peque\u00f1a<\/strong>.\n Esto puede deberse a un menor riesgo de exposici\u00f3n o una identificaci\u00f3n\n incompleta debido a una enfermedad leve o asintom\u00e1tica, en lugar de la \nresistencia a la infecci\u00f3n.<\/p>\n\n\n\n<p>Debido a que los beb\u00e9s menores de un a\u00f1o no pueden usar <a href=\"https:\/\/www.vitonica.com\/prevencion\/mascarillas-coronavirus-como-funcionan-quien-debe-usarlas-que-protegen-infeccion\">mascarillas<\/a>,\n requieren medidas de protecci\u00f3n espec\u00edficas. Los cuidadores adultos \ndeben usar m\u00e1scaras, lavarse las manos antes del contacto cercano con \nlos beb\u00e9s y esterilizar los juguetes y la vajilla de los beb\u00e9s con \nregularidad, aconsejan los autores del estudio.<\/p>\n\n\n\n<figure class=\"wp-block-image is-resized\"><img loading=\"lazy\" decoding=\"async\" src=\"https:\/\/i.blogs.es\/b1ee33\/2560_3000\/450_1000.jpeg\" alt=\"coronavirus-ninos\" width=\"682\" height=\"455\"\/><\/figure>\n\n\n\n<p>En cuanto a los casos en reci\u00e9n nacidos, la doctora Cristina Calvo, portavoz de la <a href=\"https:\/\/www.aeped.es\/\">Asociaci\u00f3n Espa\u00f1ola de Pediatr\u00eda<\/a>\n nos tranquiliza: \u00abLo visto hasta ahora es que no se transmite durante \nel embarazo, ni el parto ni por lactancia materna, pero solo&nbsp;hay un \nart\u00edculo publicado\u00bb.<\/p>\n\n\n\n<p>Aunque <strong>no parece afectar especialmente a los m\u00e1s peque\u00f1os<\/strong>,\n los ni\u00f1os est\u00e1n al tanto de lo que sucede con el virus en la \nactualidad, especialmente en Italia donde se registra la mayor epidemia \nen Europa con 322 casos confirmados, y desde la <a href=\"https:\/\/www.savethechildren.es\/actualidad\/coronavirus-los-efectos-en-los-ninos-y-ninas\">ONG Save the Children<\/a>, puntualizan:<\/p>\n\n\n\n<blockquote class=\"wp-block-quote is-layout-flow wp-block-quote-is-layout-flow\"><p>\u201cEl hecho de que el virus no est\u00e9 afectando a d\u00eda de hoy a \nla poblaci\u00f3n infantil no significa que no est\u00e9 sufriendo su impacto. Es \nesencial que <strong>los ni\u00f1os y las ni\u00f1as de las zonas afectadas sean informados<\/strong>\n de lo que sucede en su entorno, siempre con explicaciones adaptadas a \nsu edad. Igual de importante ser\u00e1 dirigir correctamente la ansiedad y el\n miedo que muchos ni\u00f1os y ni\u00f1as sientan al enfrentarse a noticias sobre \nel virus en su vida diaria para evitar posibles formas de discriminaci\u00f3n\n o xenofobia\u201d, concluye Raffaela Milano, <strong>directora de programas europeos<\/strong> de Save the Children en Italia.<\/p><\/blockquote>\n\n\n\n<p><\/p>\n\n\n\n<h2 id=\"tranquilidad-y-prevencion\" class=\"wp-block-heading\">Tranquilidad y prevenci\u00f3n<\/h2>\n\n\n\n<p>La gripe mata en el mundo a m\u00e1s personas que el coronavirus y s\u00ed es un virus que puede tener graves complicaciones en beb\u00e9s y ni\u00f1os. \u00a0<\/p>\n\n\n\n<p>La doctora Cristina Calvo, portavoz de la Asociaci\u00f3n Espa\u00f1ola de \nPediatr\u00eda con relaci\u00f3n al coronavirus nos recuerda que la mejor \nprecauci\u00f3n que podemos tomar es \u00abLavarnos mucho las manos, siempre y \nprocurar&nbsp;no estar en contacto con personas enfermas. Hay que seguir las \nrecomendaciones que vayan dictando las autoridades.\u00bb<\/p>\n\n\n\n<p>Por tanto, <strong>no hay que alarmarse, mantener la calma y tomar las medidas necesarias para prevenir contagios<\/strong> como lo hacemos con cualquier otra enfermedad:<\/p>\n\n\n\n<ul class=\"wp-block-list\"><li>Lavarse las manos con frecuencia (mejor con agua y jab\u00f3n que con gel desinfectante, pero ambos valen como prevenci\u00f3n)<\/li><li>Cubrir la boca y nariz con un pa\u00f1uelo de papel o con el codo cuando tosamos y estornudemos (y a continuaci\u00f3n desechar ese papel y lavarnos las manos)<\/li><li>Mantener limpios juguetes, superficies y vajilla, especialmente en  sitios con mayor concentraci\u00f3n de ni\u00f1os como guarder\u00edas o colegios.<\/li><li>Evitar el contacto directo con una persona que tenga un resfriado o s\u00edntomas de gripe<\/li><li>Acudir al m\u00e9dico en caso de tener fiebre, tos o dificultad para respirar.<\/li><li>En cuanto al uso de mascarillas, solo sirven ante la presencia de  s\u00edntomas respiratorios (tos o estornudos) para proteger a otras  personas. Si no se presenta ning\u00fan s\u00edntoma, no es necesario ponerse una  mascarilla.<\/li><\/ul>\n","protected":false},"excerpt":{"rendered":"China ha reportado a d\u00eda de hoy 2.715 muertes por coronavirus (Covid-19) y 78.064 personas infectadas en ese&hellip;\n","protected":false},"author":1,"featured_media":818,"comment_status":"open","ping_status":"open","sticky":false,"template":"","format":"standard","meta":{"om_disable_all_campaigns":false,"_monsterinsights_skip_tracking":false,"_monsterinsights_sitenote_active":false,"_monsterinsights_sitenote_note":"","_monsterinsights_sitenote_category":0,"footnotes":""},"categories":[22],"tags":[305,306,304,215],"yst_prominent_words":[282,285,294,292,291,283,301,299,289,295,300,290,296,185,302,297,286,287,288,293],"class_list":{"0":"post-817","1":"post","2":"type-post","3":"status-publish","4":"format-standard","5":"has-post-thumbnail","7":"category-salud","8":"tag-coronavirus","9":"tag-enfermedades-en-bebes-y-ninos","10":"tag-noticias","11":"tag-salud-infantil"},"amp_enabled":true,"_links":{"self":[{"href":"https:\/\/lavinadejesus.com\/elblogdemami\/wp-json\/wp\/v2\/posts\/817","targetHints":{"allow":["GET"]}}],"collection":[{"href":"https:\/\/lavinadejesus.com\/elblogdemami\/wp-json\/wp\/v2\/posts"}],"about":[{"href":"https:\/\/lavinadejesus.com\/elblogdemami\/wp-json\/wp\/v2\/types\/post"}],"author":[{"embeddable":true,"href":"https:\/\/lavinadejesus.com\/elblogdemami\/wp-json\/wp\/v2\/users\/1"}],"replies":[{"embeddable":true,"href":"https:\/\/lavinadejesus.com\/elblogdemami\/wp-json\/wp\/v2\/comments?post=817"}],"version-history":[{"count":1,"href":"https:\/\/lavinadejesus.com\/elblogdemami\/wp-json\/wp\/v2\/posts\/817\/revisions"}],"predecessor-version":[{"id":819,"href":"https:\/\/lavinadejesus.com\/elblogdemami\/wp-json\/wp\/v2\/posts\/817\/revisions\/819"}],"wp:featuredmedia":[{"embeddable":true,"href":"https:\/\/lavinadejesus.com\/elblogdemami\/wp-json\/wp\/v2\/media\/818"}],"wp:attachment":[{"href":"https:\/\/lavinadejesus.com\/elblogdemami\/wp-json\/wp\/v2\/media?parent=817"}],"wp:term":[{"taxonomy":"category","embeddable":true,"href":"https:\/\/lavinadejesus.com\/elblogdemami\/wp-json\/wp\/v2\/categories?post=817"},{"taxonomy":"post_tag","embeddable":true,"href":"https:\/\/lavinadejesus.com\/elblogdemami\/wp-json\/wp\/v2\/tags?post=817"},{"taxonomy":"yst_prominent_words","embeddable":true,"href":"https:\/\/lavinadejesus.com\/elblogdemami\/wp-json\/wp\/v2\/yst_prominent_words?post=817"}],"curies":[{"name":"wp","href":"https:\/\/api.w.org\/{rel}","templated":true}]}}