{"id":768,"date":"2019-10-21T12:44:23","date_gmt":"2019-10-21T12:44:23","guid":{"rendered":"https:\/\/lavinadejesus.com\/elblogdemami\/?p=768"},"modified":"2019-10-21T12:44:33","modified_gmt":"2019-10-21T12:44:33","slug":"no-me-compares-soy-unico-y-tengo-mi-propio-ritmo-por-que-no-debemos-comparar-a-nuestros-hijos-con-otros-ninos","status":"publish","type":"post","link":"https:\/\/lavinadejesus.com\/elblogdemami\/no-me-compares-soy-unico-y-tengo-mi-propio-ritmo-por-que-no-debemos-comparar-a-nuestros-hijos-con-otros-ninos\/","title":{"rendered":"\u00abNo me compares, soy \u00fanico y tengo mi propio ritmo\u00bb: por qu\u00e9 no debemos comparar a nuestros hijos con otros ni\u00f1os"},"content":{"rendered":"\n<p>Todos sabemos que <strong>cada ni\u00f1o es \u00fanico<\/strong>, y que al igual\n que los adultos, tienen su propia personalidad, desarrollo y car\u00e1cter \nexclusivo. Pero a pesar de tener clara esta premisa, nos empe\u00f1amos en \ncompararlos casi constantemente, especialmente cuando son hermanos.<\/p>\n\n\n\n<p>Pero comparar a nuestros hijos con los hijos de los dem\u00e1s no solo es una pr\u00e1ctica err\u00f3nea, sino que puede afectarles negativamente en su autoestima. Te explicamos <strong>por qu\u00e9 no debemos comparar nunca a los ni\u00f1os<\/strong>.<\/p>\n\n\n\n<h2 id=\"profecia-autocumplida-frustracion-e-impotencia\" class=\"wp-block-heading\">Profec\u00eda autocumplida: frustraci\u00f3n e impotencia<\/h2>\n\n\n\n<p>Muchos padres creen err\u00f3neamente que si consiguen que sus hijos sean conscientes de las <strong>diferencias que hay entre ellos y otros ni\u00f1os<\/strong>,  conseguir\u00e1n que se esfuercen por ser mejores. Esto ocurre especialmente  en las familias con m\u00e1s de un hijo, en donde se tiende a comparar a los  hermanos con el objetivo de que unos imiten el comportamiento de los otros.<\/p>\n\n\n\n<p>Pero muchas veces estas comparaciones van ligadas a una profec\u00eda autocumplida  que har\u00e1 que finalmente el ni\u00f1o act\u00fae como nosotros le decimos y  esperamos que lo haga. Podr\u00edamos pensar que esto no es tan malo, pero  por desgracia s\u00ed lo es, pues el ni\u00f1o puede llegar a sentirse impotente y  frustrado por <strong>no poder responder a las expectativas de su entorno<\/strong>.<\/p>\n\n\n\n<h2 id=\"su-autoestima-se-ve-mermada\" class=\"wp-block-heading\">Su autoestima se ve mermada<\/h2>\n\n\n\n<figure class=\"wp-block-image is-resized\"><img loading=\"lazy\" decoding=\"async\" src=\"https:\/\/i.blogs.es\/4cdfc0\/1366_2000-8-\/450_1000.jpg\" alt=\"comparar a los ni\u00f1os es negativo para su desarrollo emocional\" width=\"681\" height=\"475\"\/><\/figure>\n\n\n\n<p>Vivimos en una sociedad cargada de ideales de belleza y \u00e9xito que  marcan nuestra autopercepci\u00f3n desde la infancia. Por eso, es esencial  que los padres fortalezcamos la autoestima de nuestros hijos desde que son muy peque\u00f1os, con el objetivo de ayudarles a convertirse en personas aut\u00f3nomas, fuertes emocionalmente y preparadas para enfrentarse a los retos que les deparar\u00e1 la vida.<\/p>\n\n\n\n<p>Pero si en lugar de alentar y reforzar su confianza le comparamos continuamente con otros ni\u00f1os, estaremos mermando seriamente su autoestima, pues <strong>nuestro hijo percibir\u00e1 que no es igual que aquel otro ni\u00f1o que tanto ensalzamos<\/strong>, y esto le generar\u00e1 desconfianza, tristeza, indecisi\u00f3n y una imagen negativa de s\u00ed mismo.<\/p>\n\n\n\n<h2 id=\"dejara-de-intentar-hacer-aquello-que-le-gusta\" class=\"wp-block-heading\">Dejar\u00e1 de intentar hacer aquello que le gusta<\/h2>\n\n\n\n<figure class=\"wp-block-image is-resized\"><img loading=\"lazy\" decoding=\"async\" src=\"https:\/\/i.blogs.es\/f98dd6\/istock-657968984\/450_1000.jpg\" alt=\"comparaciones\" width=\"677\" height=\"451\"\/><\/figure>\n\n\n\n<p>Pongamos un ejemplo muy pr\u00e1ctico que probablemente se viva en muchas \nfamilias, de un modo u otro: tenemos dos hijas a las que les gusta \nbailar, e inconscientemente <strong>comparamos a ambas hermanas a la hora de realizar la misma disciplina<\/strong>.<\/p>\n\n\n\n<p>Si una de ellas sale beneficiada con respecto a la otra (porque \ncreamos que se le da mejor, tiene m\u00e1s destreza, m\u00e1s ritmo, \ncoordinaci\u00f3n&#8230;), es probable que la segunda acabe dejando de hacer lo \nque le gusta, pues <strong>sentirse medida, juzgada o comparada a cada instante<\/strong> no es plato de buen gusto para nadie.<\/p>\n\n\n\n<p>Lo m\u00e1s seguro es que los padres ni siquiera se den cuenta de los  sentimientos que sus comparaciones (quiz\u00e1 \u00abinocentes\u00bb y \u00absutiles\u00bb) est\u00e9n  causando en una de sus hijas, pero lo cierto es que lejos de alentar o motivar, las comparaciones acaban da\u00f1ando la personalidad.<\/p>\n\n\n\n<h2 id=\"sentimiento-de-envidia-entre-los-ninos\" class=\"wp-block-heading\">Sentimiento de envidia entre los ni\u00f1os<\/h2>\n\n\n\n<p>Cuando comparamos a nuestros hijos y estos son conscientes de las comparaciones, podemos generar en ellos un sentimiento de <strong>envidia hacia el ni\u00f1o con quien le estamos midiendo<\/strong>.  Y es que a ninguno nos gusta que continuamente nos digan que debemos  parecernos a tal persona, actuar como ella o comportarnos de la misma  forma.<\/p>\n\n\n\n<p>Si las comparaciones se realizan entre los hermanos, estaremos propiciando la aparici\u00f3n de los celos que afectar\u00e1n negativamente a su relaci\u00f3n presente y futura.<\/p>\n\n\n\n<h2 id=\"a-los-padres-nos-genera-ansiedad\" class=\"wp-block-heading\">A los padres nos genera ansiedad<\/h2>\n\n\n\n<figure class=\"wp-block-image is-resized\"><img loading=\"lazy\" decoding=\"async\" src=\"https:\/\/i.blogs.es\/2f34cd\/istock-506931815\/450_1000.jpg\" alt=\"comparar a los ni\u00f1os\" width=\"681\" height=\"454\"\/><\/figure>\n\n\n\n<p>Para muchos padres es dif\u00edcil no <strong>caer en la tentaci\u00f3n de comparar a los hijos con otros ni\u00f1os de su edad<\/strong>, especialmente si es el primero. Asegurarte de que tu hijo hace o se desarrolla al mismo ritmo que los dem\u00e1s aporta tranquilidad, y si lo hace a un ritmo m\u00e1s r\u00e1pido nos llena de orgullo. \u00bfPero qu\u00e9 ocurre cu\u00e1ndo sucede lo contrario?<\/p>\n\n\n\n<p>En las tertulias con otros padres hay quien se da cuenta de que su hijo no lee al mismo ritmo que el compa\u00f1ero de clase,  no come igual de bien que su amiguito, o no hace el intento de ponerse  en pie como parece que s\u00ed hace el hijo de nuestra vecina, que tiene su  misma edad. Y l\u00f3gicamente, <strong>estas comparaciones traen consigo un sentimiento de ansiedad y preocupaci\u00f3n<\/strong> por saber si nuestro peque se estar\u00e1 desarrollando correctamente.<\/p>\n\n\n\n<p><a href=\"https:\/\/bebesnuk.bebesymas.com\/rey-casa-tiene-que-compartir-trono-como-hacerselo-facil-a-todos\/\">Cuando la familia aumenta<\/a>,  muchos padres dejan de comparar, pues ya saben por la experiencia  primera que cada ni\u00f1o es un mundo y se desarrolla a su propio ritmo. Sin  embargo, para otros el hecho de tener m\u00e1s de un hijo es la excusa  perfecta para compararlos a todas horas: ritmo de crecimiento, pautas  del sue\u00f1o, comportamiento&#8230; <strong>\u00ab\u00a1C\u00f3mo pueden ser tan diferentes siendo hermanos!\u00bb<\/strong>, se preguntan.<\/p>\n\n\n\n<p>Y  es que en realidad, da igual que sean hermanos, primos o amigos. Todos  los ni\u00f1os son \u00fanicos en su desarrollo y personalidad, y como tal deben  ser respetados y tratados. <\/p>\n\n\n\n<p>Por eso, si tienes cualquier duda, miedo o sospecha sobre el \ncrecimiento y desarrollo f\u00edsico y emocional de tu hijo, lo recomendable \nes <strong>consultarlo con su pediatra<\/strong>, pero nunca sacar tus propias conclusiones en base a las comparaciones que hagas con otros ni\u00f1os. <\/p>\n\n\n\n<p><strong>Evitar comparar no es f\u00e1cil<\/strong>, pues esta conducta est\u00e1 tan arraigada en nuestro d\u00eda a d\u00eda que <strong>es necesario hacer un ejercicio profundo de reflexi\u00f3n<\/strong>\n para darnos cuenta de ello. Y es que quiz\u00e1 muchos padres comparan sin \npensar en las consecuencias, pero lo cierto es que las comparaciones \ncoartan al ni\u00f1o, no le respetan en su desarrollo y le impiden ser \u00e9l \nmismo.<\/p>\n\n\n\n<p>Fotos | iStock<\/p>\n","protected":false},"excerpt":{"rendered":"Todos sabemos que cada ni\u00f1o es \u00fanico, y que al igual que los adultos, tienen su propia personalidad,&hellip;\n","protected":false},"author":1,"featured_media":769,"comment_status":"open","ping_status":"open","sticky":false,"template":"","format":"standard","meta":{"om_disable_all_campaigns":false,"_monsterinsights_skip_tracking":false,"_monsterinsights_sitenote_active":false,"_monsterinsights_sitenote_note":"","_monsterinsights_sitenote_category":0,"footnotes":""},"categories":[21],"tags":[],"yst_prominent_words":[],"class_list":{"0":"post-768","1":"post","2":"type-post","3":"status-publish","4":"format-standard","5":"has-post-thumbnail","7":"category-familia"},"amp_enabled":true,"_links":{"self":[{"href":"https:\/\/lavinadejesus.com\/elblogdemami\/wp-json\/wp\/v2\/posts\/768","targetHints":{"allow":["GET"]}}],"collection":[{"href":"https:\/\/lavinadejesus.com\/elblogdemami\/wp-json\/wp\/v2\/posts"}],"about":[{"href":"https:\/\/lavinadejesus.com\/elblogdemami\/wp-json\/wp\/v2\/types\/post"}],"author":[{"embeddable":true,"href":"https:\/\/lavinadejesus.com\/elblogdemami\/wp-json\/wp\/v2\/users\/1"}],"replies":[{"embeddable":true,"href":"https:\/\/lavinadejesus.com\/elblogdemami\/wp-json\/wp\/v2\/comments?post=768"}],"version-history":[{"count":1,"href":"https:\/\/lavinadejesus.com\/elblogdemami\/wp-json\/wp\/v2\/posts\/768\/revisions"}],"predecessor-version":[{"id":770,"href":"https:\/\/lavinadejesus.com\/elblogdemami\/wp-json\/wp\/v2\/posts\/768\/revisions\/770"}],"wp:featuredmedia":[{"embeddable":true,"href":"https:\/\/lavinadejesus.com\/elblogdemami\/wp-json\/wp\/v2\/media\/769"}],"wp:attachment":[{"href":"https:\/\/lavinadejesus.com\/elblogdemami\/wp-json\/wp\/v2\/media?parent=768"}],"wp:term":[{"taxonomy":"category","embeddable":true,"href":"https:\/\/lavinadejesus.com\/elblogdemami\/wp-json\/wp\/v2\/categories?post=768"},{"taxonomy":"post_tag","embeddable":true,"href":"https:\/\/lavinadejesus.com\/elblogdemami\/wp-json\/wp\/v2\/tags?post=768"},{"taxonomy":"yst_prominent_words","embeddable":true,"href":"https:\/\/lavinadejesus.com\/elblogdemami\/wp-json\/wp\/v2\/yst_prominent_words?post=768"}],"curies":[{"name":"wp","href":"https:\/\/api.w.org\/{rel}","templated":true}]}}